{"id":1205,"date":"2012-07-18T15:36:24","date_gmt":"2012-07-18T14:36:24","guid":{"rendered":"http:\/\/www.oropila.com\/?p=1205"},"modified":"2013-01-22T09:47:20","modified_gmt":"2013-01-22T08:47:20","slug":"oro-jesen-2012","status":"publish","type":"post","link":"http:\/\/www.oropila.com\/?p=1205","title":{"rendered":"Oro Jug 2012"},"content":{"rendered":"<p>Oropila vas vabi na JESENSKO JADRANJE 2012.<\/p>\n<p><a href=\"http:\/\/www.oropila.com\/wp-content\/uploads\/2012\/07\/kola-jes2012-11.jpg\"><img loading=\"lazy\" decoding=\"async\" class=\"size-full wp-image-1209 aligncenter\" title=\"kola-jes2012-1\" alt=\"\" src=\"http:\/\/www.oropila.com\/wp-content\/uploads\/2012\/07\/kola-jes2012-11.jpg\" width=\"1000\" height=\"184\" srcset=\"http:\/\/www.oropila.com\/wp-content\/uploads\/2012\/07\/kola-jes2012-11.jpg 1000w, http:\/\/www.oropila.com\/wp-content\/uploads\/2012\/07\/kola-jes2012-11-768x141.jpg 768w, http:\/\/www.oropila.com\/wp-content\/uploads\/2012\/07\/kola-jes2012-11-150x28.jpg 150w, http:\/\/www.oropila.com\/wp-content\/uploads\/2012\/07\/kola-jes2012-11-400x74.jpg 400w\" sizes=\"auto, (max-width: 1000px) 100vw, 1000px\" \/><\/a><\/p>\n<p style=\"text-align: center;\">\u00a0Jadrali bomo od 29.9. do 6.10.2012. Ladje bomo najeli v Splitu oziroma njegovi okolici, ter se podali nekam proti jugu. Cena bo 260-300\u20ac, isto kot zadnjih 5 let, \u010de nam ne zvi\u0161ajo cene najema ladij. Pri izbiri bodo imele prednost jadrnice z bolj\u0161imi jadralnimi karakteristikami. Jesensko jadranje je tradicionalno namenjeno kopanju, jadranju, sidranju, kuhanju v zalivih, spoznavanju novih krajev in otokov. Prijavite se lahko takoj, ko si zagotovite dopust doma oziroma v slu\u017ebi in sicer enemu od skiperjev ali organizacijskemu odboru.<\/p>\n<p style=\"text-align: center;\">Do 15.9. pobiramo kavcijo v vi\u0161ini 150\u20ac.<\/p>\n<p><a href=\"http:\/\/www.oropila.com\/wp-content\/uploads\/2012\/07\/kola-jes2011-2.jpg\"><img loading=\"lazy\" decoding=\"async\" class=\"size-full wp-image-1210 aligncenter\" title=\"kola-jes2011-2\" alt=\"\" src=\"http:\/\/www.oropila.com\/wp-content\/uploads\/2012\/07\/kola-jes2011-2.jpg\" width=\"997\" height=\"223\" srcset=\"http:\/\/www.oropila.com\/wp-content\/uploads\/2012\/07\/kola-jes2011-2.jpg 997w, http:\/\/www.oropila.com\/wp-content\/uploads\/2012\/07\/kola-jes2011-2-768x172.jpg 768w, http:\/\/www.oropila.com\/wp-content\/uploads\/2012\/07\/kola-jes2011-2-150x34.jpg 150w, http:\/\/www.oropila.com\/wp-content\/uploads\/2012\/07\/kola-jes2011-2-400x89.jpg 400w\" sizes=\"auto, (max-width: 997px) 100vw, 997px\" \/><\/a><br \/> Trenutno prijavljeni ali v \u010dakalni vrsti:<\/p>\n<table border=\"1\" cellspacing=\"0\" cellpadding=\"0\">\n<tbody>\n<tr>\n<td valign=\"top\" width=\"92\"><span style=\"color: #008000;\">\u00a0Stari<\/span><\/td>\n<\/tr>\n<tr>\n<td valign=\"top\" width=\"92\"><span style=\"color: #008000;\">\u00a0MR<\/span><\/td>\n<\/tr>\n<tr>\n<td valign=\"top\" width=\"92\"><span style=\"color: #008000;\">\u00a0Lori<\/span><\/td>\n<\/tr>\n<tr>\n<td valign=\"top\" width=\"92\"><span style=\"color: #008000;\">\u00a0Vlasta<\/span><\/td>\n<\/tr>\n<tr>\n<td valign=\"top\" width=\"92\"><span style=\"color: #008000;\">\u00a0Max<\/span><\/td>\n<\/tr>\n<tr>\n<td valign=\"top\" width=\"92\"><span style=\"color: #008000;\">\u00a0Suma<\/span><\/td>\n<\/tr>\n<tr>\n<td valign=\"top\" width=\"92\"><span style=\"color: #008000;\">\u00a0Ena<\/span><\/td>\n<\/tr>\n<tr>\n<td valign=\"top\" width=\"92\">\u00a0<span style=\"color: #008000;\">Bili<\/span><\/td>\n<\/tr>\n<tr>\n<td valign=\"top\" width=\"92\">\u00a0<\/td>\n<\/tr>\n<tr>\n<td valign=\"top\" width=\"92\">\u00a0<\/td>\n<\/tr>\n<tr>\n<td valign=\"top\" width=\"92\">\u00a0<\/td>\n<\/tr>\n<tr>\n<td valign=\"top\" width=\"92\">\u00a0<\/td>\n<\/tr>\n<tr>\n<td valign=\"top\" width=\"92\">\u00a0<\/td>\n<\/tr>\n<\/tbody>\n<\/table>\n<p>&nbsp;<\/p>\n<p>Pozdrav Ale\u0161 in MR<\/p>\n<p>&nbsp;<\/p>\n","protected":false},"excerpt":{"rendered":"<p>Oropila vas vabi na JESENSKO JADRANJE 2012. \u00a0Jadrali bomo od 29.9. do 6.10.2012. Ladje bomo najeli v Splitu oziroma njegovi okolici, ter se podali nekam proti jugu. Cena bo 260-300\u20ac, isto kot zadnjih 5&#46;&#46;&#46;<\/p>\n","protected":false},"author":6,"featured_media":0,"comment_status":"closed","ping_status":"closed","sticky":false,"template":"","format":"standard","meta":{"ngg_post_thumbnail":0,"footnotes":""},"categories":[4,7],"tags":[],"class_list":["post-1205","post","type-post","status-publish","format-standard","hentry","category-maxiodprave","category-vabila"],"_links":{"self":[{"href":"http:\/\/www.oropila.com\/index.php?rest_route=\/wp\/v2\/posts\/1205","targetHints":{"allow":["GET"]}}],"collection":[{"href":"http:\/\/www.oropila.com\/index.php?rest_route=\/wp\/v2\/posts"}],"about":[{"href":"http:\/\/www.oropila.com\/index.php?rest_route=\/wp\/v2\/types\/post"}],"author":[{"embeddable":true,"href":"http:\/\/www.oropila.com\/index.php?rest_route=\/wp\/v2\/users\/6"}],"replies":[{"embeddable":true,"href":"http:\/\/www.oropila.com\/index.php?rest_route=%2Fwp%2Fv2%2Fcomments&post=1205"}],"version-history":[{"count":0,"href":"http:\/\/www.oropila.com\/index.php?rest_route=\/wp\/v2\/posts\/1205\/revisions"}],"wp:attachment":[{"href":"http:\/\/www.oropila.com\/index.php?rest_route=%2Fwp%2Fv2%2Fmedia&parent=1205"}],"wp:term":[{"taxonomy":"category","embeddable":true,"href":"http:\/\/www.oropila.com\/index.php?rest_route=%2Fwp%2Fv2%2Fcategories&post=1205"},{"taxonomy":"post_tag","embeddable":true,"href":"http:\/\/www.oropila.com\/index.php?rest_route=%2Fwp%2Fv2%2Ftags&post=1205"}],"curies":[{"name":"wp","href":"https:\/\/api.w.org\/{rel}","templated":true}]}}