{"id":3419,"date":"2017-10-09T14:34:07","date_gmt":"2017-10-09T12:34:07","guid":{"rendered":"http:\/\/www.oropila.com\/?p=3419"},"modified":"2017-11-15T12:59:35","modified_gmt":"2017-11-15T10:59:35","slug":"oro-december-2017","status":"publish","type":"post","link":"http:\/\/www.oropila.com\/?p=3419","title":{"rendered":"Oro December 2017"},"content":{"rendered":"<p><a href=\"http:\/\/www.oropila.com\/wp-content\/uploads\/2017\/10\/IMG_20171103_161503.jpg\"><img loading=\"lazy\" decoding=\"async\" class=\"alignnone size-medium wp-image-3560\" src=\"http:\/\/www.oropila.com\/wp-content\/uploads\/2017\/10\/IMG_20171103_161503-300x225.jpg\" alt=\"\" width=\"300\" height=\"225\"\/><\/a><\/p>\n<p>Midve sva prpravlene!<\/p>\n<p>&nbsp;<\/p>\n<p>Tudi letos bomo pred koncem leta \u0161e enkrat obiskali dalmatinske otoke.<\/p>\n<p><a href=\"http:\/\/www.oropila.com\/wp-content\/uploads\/2017\/10\/OroZima_11.jpg\"><img loading=\"lazy\" decoding=\"async\" class=\"alignleft size-medium wp-image-3445\" src=\"http:\/\/www.oropila.com\/wp-content\/uploads\/2017\/10\/OroZima_11-300x169.jpg\" alt=\"\" width=\"300\" height=\"169\"\/><\/a><a href=\"http:\/\/www.oropila.com\/wp-content\/uploads\/2017\/10\/OroZima_12.jpg\"><img loading=\"lazy\" decoding=\"async\" class=\"alignleft size-medium wp-image-3446\" src=\"http:\/\/www.oropila.com\/wp-content\/uploads\/2017\/10\/OroZima_12-300x169.jpg\" alt=\"\" width=\"300\" height=\"169\"\/><\/a><a href=\"http:\/\/www.oropila.com\/wp-content\/uploads\/2017\/10\/OroZima_13.jpg\"><img loading=\"lazy\" decoding=\"async\" class=\"alignleft size-medium wp-image-3447\" src=\"http:\/\/www.oropila.com\/wp-content\/uploads\/2017\/10\/OroZima_13-300x169.jpg\" alt=\"\" width=\"300\" height=\"169\"\/><\/a><\/p>\n<p>&nbsp;<\/p>\n<p>&nbsp;<\/p>\n<p>&nbsp;<\/p>\n<p>&nbsp;<\/p>\n<p>&nbsp;<\/p>\n<p>&nbsp;<\/p>\n<p>&nbsp;<\/p>\n<p>&nbsp;<\/p>\n<hr \/>\n<p>Odprava bo potekala od 30.11.2017 &#8211; 03.12.2017.<\/p>\n<p>\u0160tart bomo prilagodili glede na lokacijo najema najustreznej\u0161ih jadralnih jadrnic, ki imajo v svoji opremi naveden tudi webasto.<\/p>\n<p>Najber\u017e pa \u0161tartna lokcija ne bo vi\u0161je od Zadra in ni\u017eje od Splita.<\/p>\n<p>Organizacijo tokratne zimske odprave letos prevzema Ale\u0161.<\/p>\n<p>Prijavo lahko oddaste preko elektronske po\u0161te ali direktno kapitanom od danes &#8211; 10.10.2017 naprej.<\/p>\n<p>Zaenkrat prijavljeni in razdeljeni po barkah:<\/p>\n<p><span style=\"color: #008000;\">Ale\u0161, Olimpio, Barbara, Suma,&nbsp; Irenca,<br \/>\n<\/span><\/p>\n<p><span style=\"color: #008000;\">Primo\u017e, Polanca, \u017dor\u017ea, Daxi, Tejka, Alo<\/span>jz<span style=\"color: #008000;\">,<br \/>\n<\/span><\/p>\n<p><span style=\"color: #008000;\">MR,&nbsp;Takti\u010dar,<\/span> <span style=\"color: #008000;\">Martina<\/span>, <span style=\"color: #008000;\">Stonac<\/span>, <span style=\"color: #008000;\">Darja, KarmenB,<br \/>\n<\/span><\/p>\n<p>&nbsp;<\/p>\n<p>MR<\/p>\n<p><a href=\"http:\/\/www.oropila.com\/wp-content\/uploads\/2017\/10\/OroZima_1.jpg\"><img loading=\"lazy\" decoding=\"async\" class=\"alignleft size-medium wp-image-3442\" src=\"http:\/\/www.oropila.com\/wp-content\/uploads\/2017\/10\/OroZima_1-300x225.jpg\" alt=\"\" width=\"300\" height=\"225\"\/><\/a><a href=\"http:\/\/www.oropila.com\/wp-content\/uploads\/2017\/10\/OroZima_2.jpg\"><img loading=\"lazy\" decoding=\"async\" class=\"alignleft size-medium wp-image-3443\" src=\"http:\/\/www.oropila.com\/wp-content\/uploads\/2017\/10\/OroZima_2-300x225.jpg\" alt=\"\" width=\"300\" height=\"225\"\/><\/a><a href=\"http:\/\/www.oropila.com\/wp-content\/uploads\/2017\/10\/OroZima_3.jpg\"><img loading=\"lazy\" decoding=\"async\" class=\"alignleft size-medium wp-image-3444\" src=\"http:\/\/www.oropila.com\/wp-content\/uploads\/2017\/10\/OroZima_3-300x225.jpg\" alt=\"\" width=\"300\" height=\"225\"\/><\/a><\/p>\n<p>&nbsp;<\/p>\n","protected":false},"excerpt":{"rendered":"<p>Midve sva prpravlene! &nbsp; Tudi letos bomo pred koncem leta \u0161e enkrat obiskali dalmatinske otoke. &nbsp; &nbsp; &nbsp; &nbsp; &nbsp; &nbsp; &nbsp; &nbsp; Odprava bo potekala od 30.11.2017 &#8211; 03.12.2017. \u0160tart bomo prilagodili glede&#46;&#46;&#46;<\/p>\n","protected":false},"author":6,"featured_media":0,"comment_status":"closed","ping_status":"closed","sticky":false,"template":"","format":"standard","meta":{"ngg_post_thumbnail":0,"footnotes":""},"categories":[5,7],"tags":[],"class_list":["post-3419","post","type-post","status-publish","format-standard","hentry","category-miniodprave","category-vabila"],"_links":{"self":[{"href":"http:\/\/www.oropila.com\/index.php?rest_route=\/wp\/v2\/posts\/3419","targetHints":{"allow":["GET"]}}],"collection":[{"href":"http:\/\/www.oropila.com\/index.php?rest_route=\/wp\/v2\/posts"}],"about":[{"href":"http:\/\/www.oropila.com\/index.php?rest_route=\/wp\/v2\/types\/post"}],"author":[{"embeddable":true,"href":"http:\/\/www.oropila.com\/index.php?rest_route=\/wp\/v2\/users\/6"}],"replies":[{"embeddable":true,"href":"http:\/\/www.oropila.com\/index.php?rest_route=%2Fwp%2Fv2%2Fcomments&post=3419"}],"version-history":[{"count":0,"href":"http:\/\/www.oropila.com\/index.php?rest_route=\/wp\/v2\/posts\/3419\/revisions"}],"wp:attachment":[{"href":"http:\/\/www.oropila.com\/index.php?rest_route=%2Fwp%2Fv2%2Fmedia&parent=3419"}],"wp:term":[{"taxonomy":"category","embeddable":true,"href":"http:\/\/www.oropila.com\/index.php?rest_route=%2Fwp%2Fv2%2Fcategories&post=3419"},{"taxonomy":"post_tag","embeddable":true,"href":"http:\/\/www.oropila.com\/index.php?rest_route=%2Fwp%2Fv2%2Ftags&post=3419"}],"curies":[{"name":"wp","href":"https:\/\/api.w.org\/{rel}","templated":true}]}}