{"id":1480,"date":"2013-04-15T15:06:42","date_gmt":"2013-04-15T14:06:42","guid":{"rendered":"http:\/\/www.oropila.com\/?p=1480"},"modified":"2014-04-23T16:05:03","modified_gmt":"2014-04-23T15:05:03","slug":"7-dm-porocilo","status":"publish","type":"post","link":"https:\/\/www.oropila.com\/?p=1480","title":{"rendered":"7. DM poro\u010dilo"},"content":{"rendered":"<p>Tokratni tradicionalni Dam\u010dev memorial je potekal od <strong> \u010detrtka, 11. do nedelje, 14. aprila 2013. <\/strong> <br \/> Tudi letos so bile vse sodelujo\u010de jadrnice razreda Elan 333, vse zato, da bi bili tekmovalni plovi \u010dim bolj izena\u010deni.<\/p>\n<p>Na\u0161e posadke so mimo vseh morskih pasti varno vodili naslednji oro-kapitani in kapitanka:<\/p>\n<ol>\n<li>Brik &#8211;&gt; Ale\u0161<\/li>\n<li>Zara&#8211;&gt; Mare<\/li>\n<li>Anja\u00a0 &#8211;&gt; Olimpio<\/li>\n<li>Zrno Soli&#8211;&gt;\u00a0 Primo\u017e<\/li>\n<li>Sol &#8211;&gt; Mojca (klasi\u010dno glavno jadro)<\/li>\n<li>Pia\u00a0 &#8211;&gt; Romanus<\/li>\n<li>Bajka\u00a0\u00a0 &#8211;&gt; Kvaso<\/li>\n<li>Lana\u00a0&#8211;&gt; Grega \u00a0<\/li>\n<li>Pleasure\u00a0&#8211;&gt; Makedonska ekipa<\/li>\n<\/ol>\n<p>Letos je bilo torej 9 posadk (lani 11) in in\u00a0 skupaj 50 jadralcev (lani nas je bilo 60). <span style=\"color: #0e49f0;\"><strong>Oglejte si celotno fotogalerijo<\/strong><\/span> <a href=\"http:\/\/www.oropila.com\/?page_id=1511\">&#8211;&gt;<\/a><\/p>\n<p>Prvi ve\u010der, v \u010detrtek smo se dobili v <strong> Katini <\/strong> , kjer je ob izvrstnem gola\u017eu (letos ga je pripravila Primo\u017eeva posadka in Slavc) potekalo uvodno dru\u017eenje in spoznavnje jadralcev. Ker smo si imeli veliko za povedati od lani, se je fe\u0161ta zavlekla v zgodnje jutranje ure <img decoding=\"async\" title=\"Cool\" alt=\"Cool\" src=\"http:\/\/www.oropila.com\/wp-content\/plugins\/ultimate-tinymce\/addons\/emotions\/img\/smiley-cool.gif\" border=\"0\" \/><\/p>\n<p>Naslednji dan, v petek, bi morala potekati dva plova, vendar je bil realiziran samo eden. Pihal je namre\u010d mo\u010dan jugo (do 25) in so imeli nekateri te\u017eave z jadri&#8230;<\/p>\n<table style=\"width: 100%;\" border=\"0\">\n<tbody>\n<tr>\n<td><a href=\"http:\/\/www.oropila.com\/wp-content\/uploads\/2013\/04\/prvi-plov-2013.jpg\"> <img loading=\"lazy\" decoding=\"async\" class=\"aligncenter size-thumbnail wp-image-1485\" alt=\"prvi-plov-2013\" src=\"http:\/\/www.oropila.com\/wp-content\/uploads\/2013\/04\/prvi-plov-2013-150x150.jpg\" width=\"150\" height=\"150\" \/> <\/a> \u00a0<\/td>\n<td>Zmagovalec prvega plova je bil Romanus, drugi Olimpio, tretja Mojca, \u010detrti Primo\u017e&#8230;<\/td>\n<\/tr>\n<\/tbody>\n<\/table>\n<p>\u00a0Ve\u010dina jadralcev je zatem odplula v <strong> Sali <\/strong> , Anja je \u0161la za trening \u0161e v Mali I\u017e, Stari pa po nova jadra nazaj v Biograd&#8230;<\/p>\n<p>V soboto smo uspe\u0161no izvedli \u0161e dva plova regate, na naslednjih trasah:<\/p>\n<table style=\"width: 100%;\" border=\"0\">\n<tbody>\n<tr>\n<td>\u00a0 <a href=\"http:\/\/www.oropila.com\/wp-content\/uploads\/2013\/04\/drugi-plov-2013.jpg\"> <img loading=\"lazy\" decoding=\"async\" class=\"aligncenter size-thumbnail wp-image-1483\" alt=\"drugi-plov-2013\" src=\"http:\/\/www.oropila.com\/wp-content\/uploads\/2013\/04\/drugi-plov-2013-150x150.jpg\" width=\"150\" height=\"150\" \/> <\/a><\/td>\n<td>\u00a0 <a href=\"http:\/\/www.oropila.com\/wp-content\/uploads\/2013\/04\/tretji-plov-2013.jpg\"> <img loading=\"lazy\" decoding=\"async\" class=\"aligncenter size-thumbnail wp-image-1486\" alt=\"tretji-plov-2013\" src=\"http:\/\/www.oropila.com\/wp-content\/uploads\/2013\/04\/tretji-plov-2013-150x150.jpg\" width=\"150\" height=\"150\" \/> <\/a><\/td>\n<\/tr>\n<\/tbody>\n<\/table>\n<p>Po dalj\u0161em postanku za okrep\u010dilo in dru\u017eenje na odprtem morju, so proti ve\u010deru vse ladje vplule v <strong> \u017dman <\/strong> , kjer se je v bli\u017enji gostilni Roko (ista kot lani) odvila gala zaklju\u010dna ve\u010derja z razglasitvijo rezultatov.<\/p>\n<table style=\"width: 100%;\" border=\"0\">\n<tbody>\n<tr>\n<td>\n<p>Zaklju\u010dna tabela rezultatov je na desni\u00a0 &#8211;&gt;<\/p>\n<p>&nbsp;<\/p>\n<p>Po neuradnih rezultatih je na leto\u0161nji regati je zmagala ekipa <strong> Anja \/ Olimpio<\/strong>, ki je za svoj uspeh od lanskoletnih zmagovalcev, ekipe Romana prejela v dar in hrambo prehodni pokal.<\/p>\n<\/td>\n<td><a href=\"http:\/\/www.oropila.com\/wp-content\/uploads\/2013\/04\/Rezultati_7dm.jpg\"> <img loading=\"lazy\" decoding=\"async\" class=\"aligncenter size-thumbnail wp-image-1494\" alt=\"Rezultati_7dm\" src=\"http:\/\/www.oropila.com\/wp-content\/uploads\/2013\/04\/Rezultati_7dm-150x150.jpg\" width=\"150\" height=\"150\" \/> <\/a> \u00a0<\/td>\n<\/tr>\n<\/tbody>\n<\/table>\n<p>Tudi tokrat se je po podelitvi nagrad veliko pilo, pelo in plesalo&#8230; Zabava se je \u0161e na barkah nadaljevala do zgodnjih jutranjih ur.<\/p>\n<p>Za na konec: spet gre pohvala organizacijskemu komiteju (skiperjem, ter ostalim) za odli\u010dno izvedbo odprave, predvsem pa Ale\u0161u in Maretu za ves trud!!<\/p>\n<p>Celotno fotogalerijo si oglejte tukaj <a href=\"http:\/\/www.oropila.com\/?page_id=1511\">&#8211;&gt;<\/a><\/p>\n<hr style=\"height: 2px;\" size=\"2\" \/>\n<p><em><strong> POSEBNO OBVESTILO SODNI\u0160KE KOMISIJE (17.04.2013): <\/strong> <\/em><\/p>\n<p><em> Dragi Oropila kapitani, <\/em> <br \/> <em> sodnika Roman in Olimpio sva se v\u010deraj dobila, da bi dokon\u010dno potrdila rezultate regate 7. Dam\u010dev memorial <\/em> <br \/> <em> \u00a0 <\/em> <br \/> <em> Soglasno sva ugotovila, da je nemogo\u010de 100% natan\u010dno dolo\u010diti posamezne rezultate 2. in 3. plova. <\/em> <em> Konkurenca med Oropila posadkami je iz plova v plov mo\u010dnej\u0161a in bolj zanimiva, kako na \u0161tartu tako tudi na cilju. <\/em> <em> Posamezni plovi se dobijajo ali zgubljajo v metriha ali celo centimetrih zato odlo\u010ditve prepu\u0161\u010dene subjektivni presoji posadk niso nujno tudi to\u010dne. <\/em> <em> Obema nama je najpomembnej\u0161i \u0161portni duh in dru\u017eenje in \u017eeliva, da memoriali ostanejo najmasovnej\u0161e dru\u017eenje Oropila \u010dlanov v spomin in spo\u0161tovanje na\u0161emu Damcu. <\/em> <br \/> <em> \u00a0 <\/em> <br \/> <em> Oba sodnika sva tudi kapitana prvouvr\u0161\u010denih ladij tega memoriala zato sva si tudi po tej strani dovolila prekrojiti neuradni vrstni red in sva oba soglasno odstopila od uradne konkurence. <\/em> <br \/> <em> \u00a0 <\/em> <br \/> <strong> <em> Za uradnega zmagovalca regate 7. Dam\u010dev memorial razgla\u0161amo MOJCO! <\/em> <\/strong> <br \/> <em> \u00a0 <\/em> <br \/> <em> Prehodni pokal bo Mojci izro\u010den na urgentnem sestanku Oropila Kapitanov. <\/em><\/p>\n<hr style=\"height: 2px;\" size=\"2\" \/>\n<p>\u00a0 <br \/> Toliko, da ne bil bil 7. DM enak, kot vsako leto <img decoding=\"async\" title=\"Laughing\" alt=\"Laughing\" src=\"http:\/\/www.oropila.com\/wp-content\/plugins\/ultimate-tinymce\/addons\/emotions\/img\/smiley-laughing.gif\" border=\"0\" \/><\/p>\n<p>Epilog regate si preberite tukaj <a href=\"http:\/\/www.oropila.com\/?p=1531\">&#8211;&gt;<\/a><\/p>\n<p>Tudi tokrat zapisal Andrej.<\/p>\n","protected":false},"excerpt":{"rendered":"<p>Tokratni tradicionalni Dam\u010dev memorial je potekal od \u010detrtka, 11. do nedelje, 14. aprila 2013. Tudi letos so bile vse sodelujo\u010de jadrnice razreda Elan 333, vse zato, da bi bili tekmovalni plovi \u010dim bolj izena\u010deni.&#46;&#46;&#46;<\/p>\n","protected":false},"author":10,"featured_media":0,"comment_status":"open","ping_status":"closed","sticky":false,"template":"","format":"standard","meta":{"ngg_post_thumbnail":0,"footnotes":""},"categories":[8],"tags":[118],"class_list":["post-1480","post","type-post","status-publish","format-standard","hentry","category-ladijski-dnevnik-odprav","tag-dm"],"_links":{"self":[{"href":"https:\/\/www.oropila.com\/index.php?rest_route=\/wp\/v2\/posts\/1480","targetHints":{"allow":["GET"]}}],"collection":[{"href":"https:\/\/www.oropila.com\/index.php?rest_route=\/wp\/v2\/posts"}],"about":[{"href":"https:\/\/www.oropila.com\/index.php?rest_route=\/wp\/v2\/types\/post"}],"author":[{"embeddable":true,"href":"https:\/\/www.oropila.com\/index.php?rest_route=\/wp\/v2\/users\/10"}],"replies":[{"embeddable":true,"href":"https:\/\/www.oropila.com\/index.php?rest_route=%2Fwp%2Fv2%2Fcomments&post=1480"}],"version-history":[{"count":0,"href":"https:\/\/www.oropila.com\/index.php?rest_route=\/wp\/v2\/posts\/1480\/revisions"}],"wp:attachment":[{"href":"https:\/\/www.oropila.com\/index.php?rest_route=%2Fwp%2Fv2%2Fmedia&parent=1480"}],"wp:term":[{"taxonomy":"category","embeddable":true,"href":"https:\/\/www.oropila.com\/index.php?rest_route=%2Fwp%2Fv2%2Fcategories&post=1480"},{"taxonomy":"post_tag","embeddable":true,"href":"https:\/\/www.oropila.com\/index.php?rest_route=%2Fwp%2Fv2%2Ftags&post=1480"}],"curies":[{"name":"wp","href":"https:\/\/api.w.org\/{rel}","templated":true}]}}