{"id":1733,"date":"2014-04-23T14:44:05","date_gmt":"2014-04-23T13:44:05","guid":{"rendered":"http:\/\/www.oropila.com\/?p=1733"},"modified":"2014-05-05T17:00:19","modified_gmt":"2014-05-05T15:00:19","slug":"8-dm-porocilo-2014","status":"publish","type":"post","link":"https:\/\/www.oropila.com\/?p=1733","title":{"rendered":"8. DM poro\u010dilo 2014"},"content":{"rendered":"<p>Pripravo poro\u010dila s tokratne odprave Dam\u010devega memoriala sva ponovno &#8216;zadu\u017eila&#8217; Andrej in Irenca.<a href=\"http:\/\/www.oropila.com\/wp-content\/uploads\/2014\/04\/AndrejD.jpg\"><img loading=\"lazy\" decoding=\"async\" class=\"aligncenter size-thumbnail wp-image-1747\" style=\"float: right;\" alt=\"Cilj v Kopru!\" src=\"http:\/\/www.oropila.com\/wp-content\/uploads\/2014\/04\/AndrejD-150x150.jpg\" width=\"150\" height=\"150\" \/><\/a> Odlo\u010dila sva se, da bo leto\u0161nje poro\u010dilo prese\u017eek v vseh pogledih, zato sva s pripravami za\u010dela \u017ee zelo zgodaj (\u0161e po &#8216;stari uri&#8217;)\u00a0<img decoding=\"async\" title=\"Cool\" alt=\"Cool\" src=\"http:\/\/www.oropila.com\/wp-content\/plugins\/ultimate-tinymce\/addons\/emotions\/img\/smiley-cool.gif\" border=\"0\" \/> Tekom procesa je Andrej sicer objavil, da letos na jadranje sploh ne gre, ker se je odlo\u010dil, da bo v istem vikendu nastopil na<strong> 1. Istrskem maratonu<\/strong> (mislim, to pa je \u0161portnik!). V dokaz, da je bil opravi\u010deno odsoten z jadranja, prilaga tole zmagovalno fotografijo:<br \/>Ker pa svoje odjave ni kolkoval z ustrezno koli\u010dino kolekov rjave barve, ga od oronaloge nismo mogli opravi\u010diti in tako je vseeno sodeloval pri izdelavi poro\u010dila.<\/p>\n<p>\u00bb<strong>Da sta hitra \u2013 nista, sta pa dobra<\/strong>\u00ab nama je odgovoril Stari, ko sva mu z nekajmese\u010dno zamudo predlani (2012) poslala prvo poro\u010dilo <img decoding=\"async\" title=\"Smile\" alt=\"Smile\" src=\"http:\/\/www.oropila.com\/wp-content\/plugins\/ultimate-tinymce\/addons\/emotions\/img\/smiley-smile.gif\" border=\"0\" \/>. Letos sva hitra! \u010ce sva dobra, presodite sami. Tukaj je poro\u010dilo s tradicionalnega 8. DM&#8230;<\/p>\n<p>Leto\u0161nje posadke so bile naslednje:<\/p>\n<ol>\n<li><span style=\"color: #000080;\">Polaris je vodil Primo\u017e<\/span><\/li>\n<li><span style=\"color: #000080;\">Sol je krmaril Grega<\/span><\/li>\n<li><span style=\"color: #000080;\">Lana je bila pod kontrolo Romana<\/span><\/li>\n<li><span style=\"color: #000080;\">Bajko je poslu\u0161al Martin<\/span><\/li>\n<li><span style=\"color: #000080;\">Pia je bila pod Olimpijem<\/span><\/li>\n<li><span style=\"color: #000080;\">Passat-a je peljala Mojca<\/span><\/li>\n<li><span style=\"color: #000080;\">Brik je bil v rokah Kvasota<\/span><\/li>\n<li><span style=\"color: #000080;\">Bluewind je imel Stari<\/span><\/li>\n<li><span style=\"color: #000080;\">Zara je \u017earela pod Klemnom<\/span><\/li>\n<li><span style=\"color: #000080;\">Anja je poslu\u0161ala Divija<\/span><\/li>\n<li><span style=\"color: #000080;\">Max-u je ukazoval Mare<\/span><\/li>\n<li><span style=\"color: #000080;\">Bavaria 36 je peljala izvenkonkuren\u010dne \u0160arplanince<\/span><\/li>\n<\/ol>\n<p>Da bi bilo poro\u010dilo z regate letos res vrhunsko, smo se \u0161e dodatno potrudili: eno od tekmovalnih jadrnic smo opremili s profesionalno kamero, ki je sproti bele\u017eila pestro dogajanje na regatnem polju. Vendar pa je dodatna te\u017ea snemalne opreme na bumu naredila svoje in je doti\u010dno jadrnico toliko upo\u010dasnila, da se je ve\u010dinoma vozila zadnja<img decoding=\"async\" title=\"Innocent\" alt=\"Innocent\" src=\"http:\/\/www.oropila.com\/wp-content\/plugins\/ultimate-tinymce\/addons\/emotions\/img\/smiley-innocent.gif\" border=\"0\" \/>\u00a0 Prelepi posnetki praznega akvatorija ob Dugem otoku so na tako ogled pri <strong>OO NK Oropila<\/strong>, v poro\u010dilo pa jih tokrat nismo vklju\u010dili<img decoding=\"async\" title=\"Smile\" alt=\"Smile\" src=\"http:\/\/www.oropila.com\/wp-content\/plugins\/ultimate-tinymce\/addons\/emotions\/img\/smiley-smile.gif\" border=\"0\" \/>.\u00a0<\/p>\n<p>\u00bbDragi moji, \u017eivljenje je potica!\u00ab se je glasil prvi stavek vabila na tradicionalni 8. DM, objavljenega na orospletni strani, in res je tako! <a href=\"http:\/\/www.oropila.com\/wp-content\/uploads\/2014\/04\/vrh-01.jpg\"><img loading=\"lazy\" decoding=\"async\" class=\"alignright size-thumbnail wp-image-1754\" alt=\"Vrh\" src=\"http:\/\/www.oropila.com\/wp-content\/uploads\/2014\/04\/vrh-01-150x150.jpg\" width=\"150\" height=\"150\" \/><\/a>Leto\u0161nja odprava je potekala od 10.4. do 13.4., v meni najljub\u0161em delu Jadrana, nekje med Kornatom in Dugim otokom. Udele\u017eba na odpravi je bila ponovno najve\u010dja doslej (bravo, oropile!!), saj se nas je zbralo rekordnih 63 udele\u017eencev! Pribli\u017eno. Skladno z navodili iz vabila, smo se iz doma\u010dih krajev za\u010deli umikati \u017ee v sredo zve\u010der, tako da smo (po obveznih postankih na kontrolnih to\u010dkah v \u017du\u017eemberku, \u010crnomlju, na Jasenicah in v Zadru) do \u010detrtkovega ve\u010dera vsi vpluli v najlep\u0161i ko\u0161\u010dek srednjega Jadrana: Katino, kjer smo si padli v objem z ostalimi posadkami. Snidenje je bilo prisr\u010dno kot vedno! Nekateri so se takoj zatem odpravili na osvajanje najvi\u0161jega vrha otoka, drugi so se pridno lotili pripravljanja izvrstne ve\u010derje za vse udele\u017eence (mmmmm\u2026. <strong>Hvala Klepton, Ana &amp; Co.!!<\/strong>), tretji pa smo morali zdraviti vneto grlo z doma\u010dimi smrekovimi iglicami. Po okusni ve\u010derji je Vojz raztegnil harmoniko in veselo snidenje posadk se je nadaljevalo do jutranjih ur. <br \/>\u00a0<br \/>Takoj po son\u010dnem vzhodu smo tudi ostali splezali na vrh oto\u010dka, nabrali \u017eajbelj (za primer, da bi zmanjkalo zdravilnih smrekovih iglic), nato pa praznovali rojstni dan mladenke Nata\u0161e. Vse najbolj\u0161e smo vo\u0161\u010dili tudi mladenki \u0160peli in mladeni\u010du Gregu<img decoding=\"async\" title=\"Smile\" alt=\"Smile\" src=\"http:\/\/www.oropila.com\/wp-content\/plugins\/ultimate-tinymce\/addons\/emotions\/img\/smiley-smile.gif\" border=\"0\" \/><\/p>\n<p>Veter nam je bil naklonjen in v petek smo izvedli dva plova regate za Dam\u010dev memorial. Prvi plov je bil kraj\u0161i tehni\u010dni, v zalivu Tela\u0161\u010dice. Takoj po opravljeni \u0161tartni proceduri je potegnila bonaca, tako da smo se ve\u010dino plova pridno son\u010dili. Po dolgi zimi je dobro obnoviti zaloge D vitamina. <br \/>\u00a0<br \/>Drugi plov je bil dalj\u0161i, navigacijski, okrog otokov Lavdare in Mrtovnjaka. Ta plov je dodatno popestrila razbremenilna boja, za katero so nekatere posadke izvedele \u0161ele po \u0161tartu, nekateri pa sploh \u0161ele zve\u010der v Saliju, s \u010dimer je dodala malo dogajanja sicer precej mirnemu jadranju.\u00a0<img decoding=\"async\" title=\"Smile\" alt=\"Smile\" src=\"http:\/\/www.oropila.com\/wp-content\/plugins\/ultimate-tinymce\/addons\/emotions\/img\/smiley-smile.gif\" border=\"0\" \/> V obeh petkovih plovih je suvereno zmagal Martin, kar je gotovo lep poklon tudi za njegovega u\u010ditelja Romanusa (\u0161e ve\u010d se nas bo hotelo voziti z njim, haha!). <a href=\"http:\/\/www.oropila.com\/wp-content\/uploads\/2014\/04\/oro-prvi-dan.jpg\"><img loading=\"lazy\" decoding=\"async\" class=\"alignleft size-thumbnail wp-image-1749\" alt=\"Oro-prvi-dan\" src=\"http:\/\/www.oropila.com\/wp-content\/uploads\/2014\/04\/oro-prvi-dan-150x150.jpg\" width=\"150\" height=\"150\" \/><\/a>\u017de v Katini so se nam pridru\u017eili tudi <strong>\u0160arplaninci<\/strong>, gostujo\u010da ekipa iz bratske Makedonije, kar je na\u0161o regato takoj povzdignilo v &#8216;mednarodni&#8217; razred. Ker so imeli ve\u010djo ladjo od predpisanih, so jadrali izven konkurence, so pa v vseh plovih dosegli dobre rezultate.<\/p>\n<p>Vtis mirnega morja in prazna luka v Saliju, kjer smo se privezali v petek, sta predstavljala varljivo zati\u0161je pred nevihto: zve\u010der so oropile in oropilci skupaj z udele\u017eenci Saljske regate Gladu\u0161e zavzeli vsem znani <strong>Maritimo<\/strong>, kjer so se po taktih lokalnega did\u017eeja vrteli do jutra. Pelinkovec in pivo sta tekla v potokih, ob\u010dasno tudi po tleh, da je bilo pa\u010d plesi\u0161\u010de bolj &#8216;namazano&#8217;.<img decoding=\"async\" title=\"Smile\" alt=\"Smile\" src=\"http:\/\/www.oropila.com\/wp-content\/plugins\/ultimate-tinymce\/addons\/emotions\/img\/smiley-smile.gif\" border=\"0\" \/>\u00a0 Nekateri so na rivi tudi vadili plesno-baletni performans, ki bo najverjetneje vklju\u010den v katero od prihodnjih orokulturnih predstav.<\/p>\n<p>Son\u010dno sobotno jutro nas je v Saliju na\u0161lo pripravljene na drugi del regate. Najprej smo v zalivu pred \u017dmanom izvedli tehni\u010dni plov, na katerem je ve\u010dina posadk pogumno razvila \u0161pinakerje, zatem pa \u0161e navigacijski del tekme okrog oto\u010dka Fulije. Prelep drugi plov, v katerem so se ponovno zable\u0161\u010dali \u0161pinakerji vseh barv, je tokrat proti koncu popestril kratek, a kar konkreten naliv. Tudi sobotni prvi plov je pripadel Martinu, v drugem pa je zmago zaslu\u017eeno slavil Primo\u017e.<a href=\"http:\/\/www.oropila.com\/wp-content\/uploads\/2014\/04\/oro-drugi-dan.jpg\"><img loading=\"lazy\" decoding=\"async\" class=\"aligncenter size-thumbnail wp-image-1748\" style=\"float: right;\" alt=\"Oro-drugi-dan\" src=\"http:\/\/www.oropila.com\/wp-content\/uploads\/2014\/04\/oro-drugi-dan-150x150.jpg\" width=\"150\" height=\"150\" \/><\/a><br \/>\u00a0<br \/>Pred de\u017ejem smo se skrili v bli\u017enji \u017dman, kjer smo celotno ladijsko floto stisnili v ljubko lu\u010dico (dejstvo, da ponekod ni dovolj globine, nas ni preve\u010d vznemirjalo), celotno mo\u0161tvo odprave pa najprej na skupinsko sliko, nato pa k &#8216;prijazni gospe z dav\u010dne uprave&#8217; na tradicionalno gala ve\u010derjo. Le-ta je bila ponovno odli\u010dna (po tesnem boju je pri naklju\u010dno izbranih degustatorjih zmagala \u010drna ri\u017eota pred hobotnico s krompirjem) in nam je dala potrebne mo\u010di za nadaljevanje ve\u010dera.<\/p>\n<p>Ve\u010der se je tradicionalno nadaljeval z uradnim delom \u2013 zahvalami organizatorjem, udele\u017eencem in sve\u010dano razglasitvijo rezultatov. Komisija za fair play in prito\u017ebe letos ni imela prav dosti dela: kljub nekaterim protestom, ki jih je prejela med regato, na koncu zaradi splo\u0161nega akutnega pomanjkanja kolekov ustrezne barve ni prejela niti ene pravilno opremljene prito\u017ebe, zato je regatni odbor lahko mirno zaklju\u010dil svoje delo, \u010dlanici odbora za razglasitve (ja, bili sta dve!! ?) pa sta razglasili in obdarili zmagovalne ekipe! Skupni zmagovalec 8. Dam\u010devega memoriala je postal kapitan Martin s svojo posadko, za kar je od lanskoletne zmagovalke Mojce prejel prelep prehodni pokal.<\/p>\n<p>Manjkajo\u010di na zgornji fotki smo se medtem tola\u017eili: \u00bb<em><strong>L&#8217;important dans la vie ce n&#8217;est point le triomphe, mais le combat, l&#8217;essentiel ce n&#8217;est pas d&#8217;avoir vaincu mais de s&#8217;etre bien battu.<\/strong><\/em>\u00ab\u00a0 Recimo. <img decoding=\"async\" title=\"Tongue Out\" alt=\"Tongue Out\" src=\"http:\/\/www.oropila.com\/wp-content\/plugins\/ultimate-tinymce\/addons\/emotions\/img\/smiley-tongue-out.gif\" border=\"0\" \/><\/p>\n<p>Kon\u010dne rezultate in vrstni red vseh ekip v konkurenci lahko preu\u010dite tudi v spodnji tabeli:<\/p>\n<table border=\"0\" align=\"center\">\n<tbody>\n<tr>\n<td style=\"text-align: center;\"><a href=\"http:\/\/www.oropila.com\/wp-content\/uploads\/2014\/04\/oro-suma.jpg\"><img loading=\"lazy\" decoding=\"async\" class=\"aligncenter size-thumbnail wp-image-1750\" alt=\"oro-suma\" src=\"http:\/\/www.oropila.com\/wp-content\/uploads\/2014\/04\/oro-suma-150x150.jpg\" width=\"150\" height=\"150\" \/><\/a><\/td>\n<td style=\"text-align: center;\"><a class=\"thickbox\" title=\" \" href=\"http:\/\/www.oropila.com\/wp-content\/gallery\/8-dm-2014\/DM-8-zmagovalci.jpg\" data-image-id=\"524\" data-src=\"http:\/\/www.oropila.com\/wp-content\/gallery\/8-dm-2014\/DM-8-zmagovalci.jpg\" data-thumbnail=\"http:\/\/www.oropila.com\/wp-content\/gallery\/8-dm-2014\/thumbs\/thumbs_DM-8-zmagovalci.jpg\" data-title=\"DM 8 zmagovalci\" data-description=\" \"><img loading=\"lazy\" decoding=\"async\" class=\"ngg-singlepic ngg-none\" alt=\"DM 8 zmagovalci\" src=\"http:\/\/www.oropila.com\/wp-content\/gallery\/8-dm-2014\/thumbs\/thumbs_DM-8-zmagovalci.jpg\" width=\"150\" height=\"150\" \/><\/a><\/td>\n<\/tr>\n<\/tbody>\n<\/table>\n<p style=\"text-align: center;\">\u00a0<\/p>\n<p style=\"text-align: center;\"><span style=\"font-size: 16px; color: #000080;\"><em>Leto\u0161nji zmagovalec je torej <strong>Martin<\/strong> <span style=\"font-size: 12px;\">(slika je &#8220;simboli\u010dna&#8221;, dokler ne dobimo prave)<\/span>!<\/em><\/span><\/p>\n<p>Na terasi vsem ljube gostilne &#8216;pri prijazni gospe z dav\u010dne uprave&#8217; se je veselo rajanje nadaljevalo do zgodnjega jutra. Plesali smo, kolikor so nam dale noge in (\u0161e vedno pokvarjen) hi\u0161ni cd player, si izmenjevali vtise z jadranja, se nasmejali do solz, sklepali nova in utrjevali stara prijateljstva! Ahhh, kako je bilo fajn!! ? Po mnogih letih se je tudi ponovno pokazala potreba po podelitvi <strong>oro-oskarja<\/strong> za posebne efekte. Tega si je letos nedvomno zaslu\u017eila Tejka za svoje \u2026 posebne efekte!! <img decoding=\"async\" title=\"Wink\" alt=\"Wink\" src=\"http:\/\/www.oropila.com\/wp-content\/plugins\/ultimate-tinymce\/addons\/emotions\/img\/smiley-wink.gif\" border=\"0\" \/><\/p>\n<p><a href=\"http:\/\/www.oropila.com\/wp-content\/uploads\/2014\/04\/vrh-02.jpg\"><img loading=\"lazy\" decoding=\"async\" class=\"alignleft size-thumbnail wp-image-1755\" alt=\"vrh-02\" src=\"http:\/\/www.oropila.com\/wp-content\/uploads\/2014\/04\/vrh-02-150x150.jpg\" width=\"150\" height=\"150\" \/><\/a>Pono\u010di je de\u017e umil nebo in zadnje jutro v \u017dmanu je bilo pravo \u00bbdobro jutro, son\u010dek!\u00ab. Med masiranjem bole\u010dih hrbtov in nog smo se rahlo utrujeni a zadovoljni greli na toplem son\u010dku, medtem ko nam je \u0161ef odprave Primo\u017e skuhal \u0161e prave doma\u010de ajdove \u017egance z ocvirki in klobaso. Mmmm\u2026<\/p>\n<p>Kljub temu, da se letos nih\u010de ni odlo\u010dil za tradicionalno obredno &#8216;kupanje u gradskim lukama i pred tvornicama ulja&#8217;, pa se je nekaj najbolj pogumnih vseeno \u0161e osve\u017eilo v hladnem morju. Med njimi je najbolj navdu\u0161il Slavc, ki je mimogrede predstavil tudi novo orokolekcijo kopalk za leto\u0161njo sezono &#8216;a la Borat&#8217;.<img decoding=\"async\" title=\"Smile\" alt=\"Smile\" src=\"http:\/\/www.oropila.com\/wp-content\/plugins\/ultimate-tinymce\/addons\/emotions\/img\/smiley-smile.gif\" border=\"0\" \/><\/p>\n<p>Po dolgotrajnem poslavljanju z objemanjem (ja, nikomur od nas se ni dalo domov), smo se kon\u010dno lo\u010dili in se odpravili proti svojim lukam in varnim doma\u010dim pristanom. Pred tem smo si z ladje na ladjo kot vedno kri\u010dali: &#8216;<strong>Woohooo, se vidimo spet prihodnje leto!!!<\/strong>&#8216;<br \/>\u00a0<br \/>Hvala kapitanki in kapitanom, da so nas varno pripeljali mimo vseh morskih pasti, hvala za vsa vrhunska jadralska in druga &#8216;spremljevalna&#8217; do\u017eivetja na odpravi <img decoding=\"async\" title=\"Cool\" alt=\"Cool\" src=\"http:\/\/www.oropila.com\/wp-content\/plugins\/ultimate-tinymce\/addons\/emotions\/img\/smiley-cool.gif\" border=\"0\" \/>, hvala Primo\u017eu in celotnemu organizacijskemu odboru za trud, odli\u010dno organizacijo in vrhunsko izvedbo odprave, hvala vsem udele\u017eenkam in udele\u017eencem odprave za vztrajnost, nepozabno dru\u017eenje in dobro voljo!!<\/p>\n<p style=\"text-align: center;\"><span style=\"font-size: 16px; color: #000080;\"><strong>Kapitan Dama bi bil ponosen na nas!!<\/strong><\/span><\/p>\n<p>Oglejte si celotno fotogalerijo:<\/p>\nngg_shortcode_0_placeholder\n<p>Zaradi obilice fotografij, smo pripravili (poleg uradne) \u0161e dve dodatni fotogaleriji:<\/p>\n<ul>\n<li>Robi\u00a0<a href=\"http:\/\/www.oropila.com\/?page_id=2015\">&#8211;&gt;<\/a><\/li>\n<li>MR <a href=\"http:\/\/www.oropila.com\/?page_id=2356\">&#8211;&gt;<\/a><\/li>\n<\/ul>\n<p>&nbsp;<\/p>\n<p>Veliko zabave pri gledanju\u00a0<img decoding=\"async\" title=\"Cool\" alt=\"Cool\" src=\"http:\/\/www.oropila.com\/wp-content\/plugins\/ultimate-tinymce\/addons\/emotions\/img\/smiley-cool.gif\" border=\"0\" \/><\/p>\n","protected":false},"excerpt":{"rendered":"<p>Pripravo poro\u010dila s tokratne odprave Dam\u010devega memoriala sva ponovno &#8216;zadu\u017eila&#8217; Andrej in Irenca. Odlo\u010dila sva se, da bo leto\u0161nje poro\u010dilo prese\u017eek v vseh pogledih, zato sva s pripravami za\u010dela \u017ee zelo zgodaj (\u0161e po&#46;&#46;&#46;<\/p>\n","protected":false},"author":10,"featured_media":0,"comment_status":"open","ping_status":"closed","sticky":false,"template":"","format":"standard","meta":{"ngg_post_thumbnail":0,"footnotes":""},"categories":[8],"tags":[118],"class_list":["post-1733","post","type-post","status-publish","format-standard","hentry","category-ladijski-dnevnik-odprav","tag-dm"],"_links":{"self":[{"href":"https:\/\/www.oropila.com\/index.php?rest_route=\/wp\/v2\/posts\/1733","targetHints":{"allow":["GET"]}}],"collection":[{"href":"https:\/\/www.oropila.com\/index.php?rest_route=\/wp\/v2\/posts"}],"about":[{"href":"https:\/\/www.oropila.com\/index.php?rest_route=\/wp\/v2\/types\/post"}],"author":[{"embeddable":true,"href":"https:\/\/www.oropila.com\/index.php?rest_route=\/wp\/v2\/users\/10"}],"replies":[{"embeddable":true,"href":"https:\/\/www.oropila.com\/index.php?rest_route=%2Fwp%2Fv2%2Fcomments&post=1733"}],"version-history":[{"count":0,"href":"https:\/\/www.oropila.com\/index.php?rest_route=\/wp\/v2\/posts\/1733\/revisions"}],"wp:attachment":[{"href":"https:\/\/www.oropila.com\/index.php?rest_route=%2Fwp%2Fv2%2Fmedia&parent=1733"}],"wp:term":[{"taxonomy":"category","embeddable":true,"href":"https:\/\/www.oropila.com\/index.php?rest_route=%2Fwp%2Fv2%2Fcategories&post=1733"},{"taxonomy":"post_tag","embeddable":true,"href":"https:\/\/www.oropila.com\/index.php?rest_route=%2Fwp%2Fv2%2Ftags&post=1733"}],"curies":[{"name":"wp","href":"https:\/\/api.w.org\/{rel}","templated":true}]}}